{"id":1249,"date":"2022-07-20T12:41:43","date_gmt":"2022-07-20T12:41:43","guid":{"rendered":"https:\/\/freightol.com\/?p=1249"},"modified":"2022-07-20T12:41:45","modified_gmt":"2022-07-20T12:41:45","slug":"la-actualidad-del-sector-transitario-en-solo-dos-minutos","status":"publish","type":"post","link":"https:\/\/freightol.com\/en\/la-actualidad-del-sector-transitario-en-solo-dos-minutos\/","title":{"rendered":"La actualidad del sector transitario en solo dos minutos."},"content":{"rendered":"<p id=\"98b9\"><strong>\u00a1Comenzamos!<\/strong><\/p>\n\n\n\n<figure class=\"wp-block-image size-full\"><img fetchpriority=\"high\" decoding=\"async\" width=\"940\" height=\"527\" src=\"https:\/\/freightol.com\/wp-content\/uploads\/2022\/07\/1_8KSLBE4yRlkqzLEKlyYYmg.png\" alt=\"\" class=\"wp-image-1270\" srcset=\"https:\/\/freightol.com\/wp-content\/uploads\/2022\/07\/1_8KSLBE4yRlkqzLEKlyYYmg.png 940w, https:\/\/freightol.com\/wp-content\/uploads\/2022\/07\/1_8KSLBE4yRlkqzLEKlyYYmg-300x168.png 300w, https:\/\/freightol.com\/wp-content\/uploads\/2022\/07\/1_8KSLBE4yRlkqzLEKlyYYmg-768x431.png 768w\" sizes=\"(max-width: 940px) 100vw, 940px\" \/><figcaption>La consultora<a rel=\"noreferrer noopener\" href=\"https:\/\/www.ti-insight.com\/\" target=\"_blank\">\u00a0Transport Intelligence<\/a>\u00a0ha actualizado su informe sobre el mercado transitario, que cierra 2021 con un crecimiento del 11%, el mejor resultado en una d\u00e9cada. Te damos\u00a0<a rel=\"noreferrer noopener\" href=\"https:\/\/blog.freightol.com\/i-pulso-al-mercado-transitario-3ac8b33141ca\" target=\"_blank\">todos los detalles en esta publicaci\u00f3n<\/a>, pero ya te avanzamos que las previsiones no son tan optimistas de cara al futuro:\u00a0<strong>el crecimiento anual ser\u00e1 del 3,7% hasta 2026.<\/strong><br><br><strong>Un nuevo paso hacia la digitalizaci\u00f3n aduanera:<\/strong><\/figcaption><\/figure>\n\n\n\n<figure class=\"wp-block-image size-full\"><img decoding=\"async\" width=\"940\" height=\"588\" src=\"https:\/\/freightol.com\/wp-content\/uploads\/2022\/07\/image-6.png\" alt=\"\" class=\"wp-image-1271\" srcset=\"https:\/\/freightol.com\/wp-content\/uploads\/2022\/07\/image-6.png 940w, https:\/\/freightol.com\/wp-content\/uploads\/2022\/07\/image-6-300x188.png 300w, https:\/\/freightol.com\/wp-content\/uploads\/2022\/07\/image-6-768x480.png 768w\" sizes=\"(max-width: 940px) 100vw, 940px\" \/><\/figure>\n\n\n\n<p>Europa avanza un paso m\u00e1s en la\u00a0<strong>digitalizaci\u00f3n de sus aduanas<\/strong>.\u00a0<a rel=\"noreferrer noopener\" href=\"https:\/\/ec.europa.eu\/commission\/presscorner\/detail\/es\/ip_22_3210\" target=\"_blank\">El Consejo y el Parlamento Europeo han alcanzado un acuerdo, todav\u00eda provisional, para que la ventanilla \u00fanica aduanera sea una realidad en 2025<\/a>.<\/p>\n\n\n\n<p><strong>Atasco en el puerto de Shangh\u00e1i y el efecto rebote:<\/strong><\/p>\n\n\n\n<figure class=\"wp-block-image size-full\"><img decoding=\"async\" width=\"700\" height=\"394\" src=\"https:\/\/freightol.com\/wp-content\/uploads\/2022\/07\/image-7.png\" alt=\"\" class=\"wp-image-1272\" srcset=\"https:\/\/freightol.com\/wp-content\/uploads\/2022\/07\/image-7.png 700w, https:\/\/freightol.com\/wp-content\/uploads\/2022\/07\/image-7-300x169.png 300w\" sizes=\"(max-width: 700px) 100vw, 700px\" \/><\/figure>\n\n\n\n<p id=\"d5e6\">Seguimos pendientes del atasco en el puerto de Shangh\u00e1i y sin buenas noticias, por el momento. Los&nbsp;<a href=\"https:\/\/www.drewry.co.uk\/\" rel=\"noreferrer noopener\" target=\"_blank\">\u00faltimos datos aportados por Drewry<\/a>&nbsp;se\u00f1alan que ya son 260.000 teus de carga de exportaci\u00f3n los que no han salido de China.<\/p>\n\n\n\n<p id=\"b140\">A este respecto, y ya en clave estatal,&nbsp;<a href=\"https:\/\/www.naucher.com\/entrevista-con-luis-rosa-vidal-presidente-de-ateia-valencia-el-desequilibrio-entre-contenedores-de-importacion-y-exportacion-genera-el-riesgo-de-colapso\/\" rel=\"noreferrer noopener\" target=\"_blank\">Naucher ha publicado una entrevista a Luis Rosa, presidente de ATEIA Valencia<\/a>, en la que aborda el efecto rebote de esta situaci\u00f3n, el riesgo de colapso que pueden sufrir en Europa las terminales de contenedores y hace un llamamiento al sector para \u201cagilizar en la medida de lo posible la retirada de los contenedores de importaci\u00f3n\u201d.<\/p>\n\n\n\n<p id=\"d426\">Por otra parte, los transitarios vuelven a denunciar el&nbsp;<a href=\"https:\/\/cadenaser.com\/andalucia\/2022\/05\/26\/los-transitarios-del-puerto-de-algeciras-denuncian-el-colapso-en-el-pif-radio-algeciras\/\" rel=\"noreferrer noopener\" target=\"_blank\">colapso del PIF del puerto de Algeciras<\/a>. Critican la escasez de personal, la falta de medios, la necesidad de unificar plataformas entre los diversos ministerios, y critican la falta de acci\u00f3n de la administraci\u00f3n, a pesar de las buenas palabras.<\/p>\n\n\n\n<h2 class=\"wp-block-heading\" id=\"cb83\"><strong>Feteia presenta el programa de su Congreso:<\/strong><\/h2>\n\n\n\n<figure class=\"wp-block-image size-full\"><img loading=\"lazy\" decoding=\"async\" width=\"940\" height=\"581\" src=\"https:\/\/freightol.com\/wp-content\/uploads\/2022\/07\/image-8.png\" alt=\"\" class=\"wp-image-1273\" srcset=\"https:\/\/freightol.com\/wp-content\/uploads\/2022\/07\/image-8.png 940w, https:\/\/freightol.com\/wp-content\/uploads\/2022\/07\/image-8-300x185.png 300w, https:\/\/freightol.com\/wp-content\/uploads\/2022\/07\/image-8-768x475.png 768w\" sizes=\"(max-width: 940px) 100vw, 940px\" \/><\/figure>\n\n\n\n<p id=\"da54\">Precisamente en Algeciras,&nbsp;<a href=\"https:\/\/www.diarioelcanal.com\/congreso-feteia-2022\/\" rel=\"noreferrer noopener\" target=\"_blank\">Feteia ha presentado el programa de su Congreso<\/a>, que tendr\u00e1 lugar en esta ciudad del 29 de septiembre al 1 de octubre. El programa incluye ponencias con nombres tan sugerentes como \u201c\u00bfEst\u00e1 en peligro el comercio internacional?\u201d o \u201c\u00bfSomos dioses los transitarios?\u201d.<\/p>\n\n\n\n<p id=\"4cce\">Y en Barcelona hemos celebrado, por fin, la&nbsp;<a href=\"https:\/\/www.silbcn.com\/es\/index.html\" rel=\"noreferrer noopener\" target=\"_blank\">22\u00aa edici\u00f3n del SIL<\/a>, que ha reunido de nuevo a todo el sector transitario y al conjunto del transporte y la log\u00edstica: m\u00e1s de 12.000 asistentes procedentes de 81 pa\u00edses.<\/p>\n\n\n\n<p id=\"b72e\">\u00bfTe gusta este tipo de contenido? En un mes volveremos con m\u00e1s noticias. \u00a1Hasta pronto!<\/p>","protected":false},"excerpt":{"rendered":"<p>\u00a1Comenzamos! Europa avanza un paso m\u00e1s en la\u00a0digitalizaci\u00f3n de sus aduanas.\u00a0El Consejo y el Parlamento Europeo han alcanzado un acuerdo, todav\u00eda provisional, para que la ventanilla \u00fanica aduanera sea una realidad en 2025. Atasco en el puerto de Shangh\u00e1i y el efecto rebote: Seguimos pendientes del atasco en el puerto de Shangh\u00e1i y sin buenas [&hellip;]<\/p>","protected":false},"author":4,"featured_media":1251,"comment_status":"open","ping_status":"open","sticky":false,"template":"","format":"standard","meta":{"content-type":"","footnotes":""},"categories":[12,40],"tags":[],"class_list":["post-1249","post","type-post","status-publish","format-standard","has-post-thumbnail","hentry","category-blog","category-logistica"],"yoast_head":"<!-- This site is optimized with the Yoast SEO plugin v20.3 - https:\/\/yoast.com\/wordpress\/plugins\/seo\/ -->\n<title>La actualidad del sector transitario en solo dos minutos. - FREIGHTOL<\/title>\n<meta name=\"robots\" content=\"index, follow, max-snippet:-1, max-image-preview:large, max-video-preview:-1\" \/>\n<link rel=\"canonical\" href=\"https:\/\/freightol.com\/en\/la-actualidad-del-sector-transitario-en-solo-dos-minutos\/\" \/>\n<meta property=\"og:locale\" content=\"en_US\" \/>\n<meta property=\"og:type\" content=\"article\" \/>\n<meta property=\"og:title\" content=\"La actualidad del sector transitario en solo dos minutos. - FREIGHTOL\" \/>\n<meta property=\"og:description\" content=\"\u00a1Comenzamos! Europa avanza un paso m\u00e1s en la\u00a0digitalizaci\u00f3n de sus aduanas.\u00a0El Consejo y el Parlamento Europeo han alcanzado un acuerdo, todav\u00eda provisional, para que la ventanilla \u00fanica aduanera sea una realidad en 2025. Atasco en el puerto de Shangh\u00e1i y el efecto rebote: Seguimos pendientes del atasco en el puerto de Shangh\u00e1i y sin buenas [&hellip;]\" \/>\n<meta property=\"og:url\" content=\"https:\/\/freightol.com\/en\/la-actualidad-del-sector-transitario-en-solo-dos-minutos\/\" \/>\n<meta property=\"og:site_name\" content=\"FREIGHTOL\" \/>\n<meta property=\"article:published_time\" content=\"2022-07-20T12:41:43+00:00\" \/>\n<meta property=\"article:modified_time\" content=\"2022-07-20T12:41:45+00:00\" \/>\n<meta property=\"og:image\" content=\"https:\/\/freightol.com\/wp-content\/uploads\/2022\/07\/1_RSpq4GNywFXzVy5bvq96Ug.png\" \/>\n\t<meta property=\"og:image:width\" content=\"1400\" \/>\n\t<meta property=\"og:image:height\" content=\"793\" \/>\n\t<meta property=\"og:image:type\" content=\"image\/png\" \/>\n<meta name=\"author\" content=\"James Archidona\" \/>\n<meta name=\"twitter:card\" content=\"summary_large_image\" \/>\n<meta name=\"twitter:label1\" content=\"Written by\" \/>\n\t<meta name=\"twitter:data1\" content=\"James Archidona\" \/>\n\t<meta name=\"twitter:label2\" content=\"Est. reading time\" \/>\n\t<meta name=\"twitter:data2\" content=\"2 minutes\" \/>\n<script type=\"application\/ld+json\" class=\"yoast-schema-graph\">{\"@context\":\"https:\/\/schema.org\",\"@graph\":[{\"@type\":\"Article\",\"@id\":\"https:\/\/freightol.com\/la-actualidad-del-sector-transitario-en-solo-dos-minutos\/#article\",\"isPartOf\":{\"@id\":\"https:\/\/freightol.com\/la-actualidad-del-sector-transitario-en-solo-dos-minutos\/\"},\"author\":{\"name\":\"James Archidona\",\"@id\":\"https:\/\/freightol.com\/#\/schema\/person\/c935ebd3de6661b8f5797c288e85c6bc\"},\"headline\":\"La actualidad del sector transitario en solo dos minutos.\",\"datePublished\":\"2022-07-20T12:41:43+00:00\",\"dateModified\":\"2022-07-20T12:41:45+00:00\",\"mainEntityOfPage\":{\"@id\":\"https:\/\/freightol.com\/la-actualidad-del-sector-transitario-en-solo-dos-minutos\/\"},\"wordCount\":389,\"commentCount\":0,\"publisher\":{\"@id\":\"https:\/\/freightol.com\/#organization\"},\"articleSection\":[\"Blog\",\"Logistica\"],\"inLanguage\":\"en-US\",\"potentialAction\":[{\"@type\":\"CommentAction\",\"name\":\"Comment\",\"target\":[\"https:\/\/freightol.com\/la-actualidad-del-sector-transitario-en-solo-dos-minutos\/#respond\"]}]},{\"@type\":\"WebPage\",\"@id\":\"https:\/\/freightol.com\/la-actualidad-del-sector-transitario-en-solo-dos-minutos\/\",\"url\":\"https:\/\/freightol.com\/la-actualidad-del-sector-transitario-en-solo-dos-minutos\/\",\"name\":\"La actualidad del sector transitario en solo dos minutos. - FREIGHTOL\",\"isPartOf\":{\"@id\":\"https:\/\/freightol.com\/#website\"},\"datePublished\":\"2022-07-20T12:41:43+00:00\",\"dateModified\":\"2022-07-20T12:41:45+00:00\",\"breadcrumb\":{\"@id\":\"https:\/\/freightol.com\/la-actualidad-del-sector-transitario-en-solo-dos-minutos\/#breadcrumb\"},\"inLanguage\":\"en-US\",\"potentialAction\":[{\"@type\":\"ReadAction\",\"target\":[\"https:\/\/freightol.com\/la-actualidad-del-sector-transitario-en-solo-dos-minutos\/\"]}]},{\"@type\":\"BreadcrumbList\",\"@id\":\"https:\/\/freightol.com\/la-actualidad-del-sector-transitario-en-solo-dos-minutos\/#breadcrumb\",\"itemListElement\":[{\"@type\":\"ListItem\",\"position\":1,\"name\":\"Portada\",\"item\":\"https:\/\/freightol.com\/\"},{\"@type\":\"ListItem\",\"position\":2,\"name\":\"La actualidad del sector transitario en solo dos minutos.\"}]},{\"@type\":\"WebSite\",\"@id\":\"https:\/\/freightol.com\/#website\",\"url\":\"https:\/\/freightol.com\/\",\"name\":\"FREIGHTOL\",\"description\":\"FREIGHTOL\",\"publisher\":{\"@id\":\"https:\/\/freightol.com\/#organization\"},\"potentialAction\":[{\"@type\":\"SearchAction\",\"target\":{\"@type\":\"EntryPoint\",\"urlTemplate\":\"https:\/\/freightol.com\/?s={search_term_string}\"},\"query-input\":\"required name=search_term_string\"}],\"inLanguage\":\"en-US\"},{\"@type\":\"Organization\",\"@id\":\"https:\/\/freightol.com\/#organization\",\"name\":\"FREIGHTOL\",\"url\":\"https:\/\/freightol.com\/\",\"logo\":{\"@type\":\"ImageObject\",\"inLanguage\":\"en-US\",\"@id\":\"https:\/\/freightol.com\/#\/schema\/logo\/image\/\",\"url\":\"https:\/\/freightol.com\/wp-content\/uploads\/2022\/07\/Freightol-Logo-tagline2.png\",\"contentUrl\":\"https:\/\/freightol.com\/wp-content\/uploads\/2022\/07\/Freightol-Logo-tagline2.png\",\"width\":1890,\"height\":657,\"caption\":\"FREIGHTOL\"},\"image\":{\"@id\":\"https:\/\/freightol.com\/#\/schema\/logo\/image\/\"}},{\"@type\":\"Person\",\"@id\":\"https:\/\/freightol.com\/#\/schema\/person\/c935ebd3de6661b8f5797c288e85c6bc\",\"name\":\"James Archidona\",\"image\":{\"@type\":\"ImageObject\",\"inLanguage\":\"en-US\",\"@id\":\"https:\/\/freightol.com\/#\/schema\/person\/image\/\",\"url\":\"https:\/\/secure.gravatar.com\/avatar\/ba7305aabcf11ce70e0964914bc12ff317ff57bc78fe1e1a149ca2237330d34c?s=96&d=mm&r=g\",\"contentUrl\":\"https:\/\/secure.gravatar.com\/avatar\/ba7305aabcf11ce70e0964914bc12ff317ff57bc78fe1e1a149ca2237330d34c?s=96&d=mm&r=g\",\"caption\":\"James Archidona\"},\"url\":\"https:\/\/freightol.com\/en\/author\/james-archidona\/\"}]}<\/script>\n<!-- \/ Yoast SEO plugin. -->","yoast_head_json":{"title":"La actualidad del sector transitario en solo dos minutos. - FREIGHTOL","robots":{"index":"index","follow":"follow","max-snippet":"max-snippet:-1","max-image-preview":"max-image-preview:large","max-video-preview":"max-video-preview:-1"},"canonical":"https:\/\/freightol.com\/en\/la-actualidad-del-sector-transitario-en-solo-dos-minutos\/","og_locale":"en_US","og_type":"article","og_title":"La actualidad del sector transitario en solo dos minutos. - FREIGHTOL","og_description":"\u00a1Comenzamos! Europa avanza un paso m\u00e1s en la\u00a0digitalizaci\u00f3n de sus aduanas.\u00a0El Consejo y el Parlamento Europeo han alcanzado un acuerdo, todav\u00eda provisional, para que la ventanilla \u00fanica aduanera sea una realidad en 2025. Atasco en el puerto de Shangh\u00e1i y el efecto rebote: Seguimos pendientes del atasco en el puerto de Shangh\u00e1i y sin buenas [&hellip;]","og_url":"https:\/\/freightol.com\/en\/la-actualidad-del-sector-transitario-en-solo-dos-minutos\/","og_site_name":"FREIGHTOL","article_published_time":"2022-07-20T12:41:43+00:00","article_modified_time":"2022-07-20T12:41:45+00:00","og_image":[{"width":1400,"height":793,"url":"https:\/\/freightol.com\/wp-content\/uploads\/2022\/07\/1_RSpq4GNywFXzVy5bvq96Ug.png","type":"image\/png"}],"author":"James Archidona","twitter_card":"summary_large_image","twitter_misc":{"Written by":"James Archidona","Est. reading time":"2 minutes"},"schema":{"@context":"https:\/\/schema.org","@graph":[{"@type":"Article","@id":"https:\/\/freightol.com\/la-actualidad-del-sector-transitario-en-solo-dos-minutos\/#article","isPartOf":{"@id":"https:\/\/freightol.com\/la-actualidad-del-sector-transitario-en-solo-dos-minutos\/"},"author":{"name":"James Archidona","@id":"https:\/\/freightol.com\/#\/schema\/person\/c935ebd3de6661b8f5797c288e85c6bc"},"headline":"La actualidad del sector transitario en solo dos minutos.","datePublished":"2022-07-20T12:41:43+00:00","dateModified":"2022-07-20T12:41:45+00:00","mainEntityOfPage":{"@id":"https:\/\/freightol.com\/la-actualidad-del-sector-transitario-en-solo-dos-minutos\/"},"wordCount":389,"commentCount":0,"publisher":{"@id":"https:\/\/freightol.com\/#organization"},"articleSection":["Blog","Logistica"],"inLanguage":"en-US","potentialAction":[{"@type":"CommentAction","name":"Comment","target":["https:\/\/freightol.com\/la-actualidad-del-sector-transitario-en-solo-dos-minutos\/#respond"]}]},{"@type":"WebPage","@id":"https:\/\/freightol.com\/la-actualidad-del-sector-transitario-en-solo-dos-minutos\/","url":"https:\/\/freightol.com\/la-actualidad-del-sector-transitario-en-solo-dos-minutos\/","name":"La actualidad del sector transitario en solo dos minutos. - FREIGHTOL","isPartOf":{"@id":"https:\/\/freightol.com\/#website"},"datePublished":"2022-07-20T12:41:43+00:00","dateModified":"2022-07-20T12:41:45+00:00","breadcrumb":{"@id":"https:\/\/freightol.com\/la-actualidad-del-sector-transitario-en-solo-dos-minutos\/#breadcrumb"},"inLanguage":"en-US","potentialAction":[{"@type":"ReadAction","target":["https:\/\/freightol.com\/la-actualidad-del-sector-transitario-en-solo-dos-minutos\/"]}]},{"@type":"BreadcrumbList","@id":"https:\/\/freightol.com\/la-actualidad-del-sector-transitario-en-solo-dos-minutos\/#breadcrumb","itemListElement":[{"@type":"ListItem","position":1,"name":"Portada","item":"https:\/\/freightol.com\/"},{"@type":"ListItem","position":2,"name":"La actualidad del sector transitario en solo dos minutos."}]},{"@type":"WebSite","@id":"https:\/\/freightol.com\/#website","url":"https:\/\/freightol.com\/","name":"FREIGHTOL","description":"FREIGHTOL","publisher":{"@id":"https:\/\/freightol.com\/#organization"},"potentialAction":[{"@type":"SearchAction","target":{"@type":"EntryPoint","urlTemplate":"https:\/\/freightol.com\/?s={search_term_string}"},"query-input":"required name=search_term_string"}],"inLanguage":"en-US"},{"@type":"Organization","@id":"https:\/\/freightol.com\/#organization","name":"FREIGHTOL","url":"https:\/\/freightol.com\/","logo":{"@type":"ImageObject","inLanguage":"en-US","@id":"https:\/\/freightol.com\/#\/schema\/logo\/image\/","url":"https:\/\/freightol.com\/wp-content\/uploads\/2022\/07\/Freightol-Logo-tagline2.png","contentUrl":"https:\/\/freightol.com\/wp-content\/uploads\/2022\/07\/Freightol-Logo-tagline2.png","width":1890,"height":657,"caption":"FREIGHTOL"},"image":{"@id":"https:\/\/freightol.com\/#\/schema\/logo\/image\/"}},{"@type":"Person","@id":"https:\/\/freightol.com\/#\/schema\/person\/c935ebd3de6661b8f5797c288e85c6bc","name":"James Archidona","image":{"@type":"ImageObject","inLanguage":"en-US","@id":"https:\/\/freightol.com\/#\/schema\/person\/image\/","url":"https:\/\/secure.gravatar.com\/avatar\/ba7305aabcf11ce70e0964914bc12ff317ff57bc78fe1e1a149ca2237330d34c?s=96&d=mm&r=g","contentUrl":"https:\/\/secure.gravatar.com\/avatar\/ba7305aabcf11ce70e0964914bc12ff317ff57bc78fe1e1a149ca2237330d34c?s=96&d=mm&r=g","caption":"James Archidona"},"url":"https:\/\/freightol.com\/en\/author\/james-archidona\/"}]}},"_links":{"self":[{"href":"https:\/\/freightol.com\/en\/wp-json\/wp\/v2\/posts\/1249","targetHints":{"allow":["GET"]}}],"collection":[{"href":"https:\/\/freightol.com\/en\/wp-json\/wp\/v2\/posts"}],"about":[{"href":"https:\/\/freightol.com\/en\/wp-json\/wp\/v2\/types\/post"}],"author":[{"embeddable":true,"href":"https:\/\/freightol.com\/en\/wp-json\/wp\/v2\/users\/4"}],"replies":[{"embeddable":true,"href":"https:\/\/freightol.com\/en\/wp-json\/wp\/v2\/comments?post=1249"}],"version-history":[{"count":1,"href":"https:\/\/freightol.com\/en\/wp-json\/wp\/v2\/posts\/1249\/revisions"}],"predecessor-version":[{"id":1274,"href":"https:\/\/freightol.com\/en\/wp-json\/wp\/v2\/posts\/1249\/revisions\/1274"}],"wp:featuredmedia":[{"embeddable":true,"href":"https:\/\/freightol.com\/en\/wp-json\/wp\/v2\/media\/1251"}],"wp:attachment":[{"href":"https:\/\/freightol.com\/en\/wp-json\/wp\/v2\/media?parent=1249"}],"wp:term":[{"taxonomy":"category","embeddable":true,"href":"https:\/\/freightol.com\/en\/wp-json\/wp\/v2\/categories?post=1249"},{"taxonomy":"post_tag","embeddable":true,"href":"https:\/\/freightol.com\/en\/wp-json\/wp\/v2\/tags?post=1249"}],"curies":[{"name":"wp","href":"https:\/\/api.w.org\/{rel}","templated":true}]}}