{"id":759,"date":"2022-07-18T11:55:11","date_gmt":"2022-07-18T11:55:11","guid":{"rendered":"https:\/\/freightol.com\/?p=759"},"modified":"2022-07-18T13:27:47","modified_gmt":"2022-07-18T13:27:47","slug":"lanzamiento-freightol","status":"publish","type":"post","link":"https:\/\/freightol.com\/en\/lanzamiento-freightol\/","title":{"rendered":"Freightol lanza Freightol Manager para impulsar la digitalizaci\u00f3n del Transporte y la Log\u00edstica"},"content":{"rendered":"<div class=\"wp-block-image\">\n<figure class=\"aligncenter size-large is-resized\"><img fetchpriority=\"high\" decoding=\"async\" src=\"https:\/\/freightol.com\/wp-content\/uploads\/2022\/07\/1_YZgRbfT5rza1oWGVNwG_6w-1024x682.jpeg\" alt=\"\" class=\"wp-image-762\" width=\"603\" height=\"401\" srcset=\"https:\/\/freightol.com\/wp-content\/uploads\/2022\/07\/1_YZgRbfT5rza1oWGVNwG_6w-1024x682.jpeg 1024w, https:\/\/freightol.com\/wp-content\/uploads\/2022\/07\/1_YZgRbfT5rza1oWGVNwG_6w-300x200.jpeg 300w, https:\/\/freightol.com\/wp-content\/uploads\/2022\/07\/1_YZgRbfT5rza1oWGVNwG_6w-768x512.jpeg 768w, https:\/\/freightol.com\/wp-content\/uploads\/2022\/07\/1_YZgRbfT5rza1oWGVNwG_6w.jpeg 1400w\" sizes=\"(max-width: 603px) 100vw, 603px\" \/><figcaption><sub>Equipo Freightol en el evento de Lanzamiento de Freightol Manager<br><\/sub><\/figcaption><\/figure>\n<\/div>\n\n\n<p id=\"ce86\">El jueves 16 de septiembre, en el Hotel W de Barcelona, celebramos el lanzamiento de nuestro sistema operativo digital para Transitarios,&nbsp;<a rel=\"noreferrer noopener\" href=\"https:\/\/freightol.com\/en\/#\/carrier\" target=\"_blank\"><strong>Freightol Manager.<\/strong><\/a><\/p>\n\n\n\n<p id=\"6c29\"><a rel=\"noreferrer noopener\" href=\"https:\/\/www.linkedin.com\/in\/james-archidona-11018431\/\" target=\"_blank\"><strong>Jaume Archidona<\/strong><\/a>, CEO de Freightol y,&nbsp;<a rel=\"noreferrer noopener\" href=\"https:\/\/www.linkedin.com\/in\/ra%C3%BAl-p%C3%A9rez-g%C3%B3mez-a6943689\/\" target=\"_blank\"><strong>Ra\u00fal Perez<\/strong><\/a>, Fundador y COO de la empresa, presentaron el producto para los profesionales del sector, con el fin que conocieran con detalle la propuesta y pudieran expresar sus dudas.<\/p>\n\n\n<div class=\"wp-block-image\">\n<figure class=\"aligncenter size-large is-resized\"><img decoding=\"async\" src=\"https:\/\/freightol.com\/wp-content\/uploads\/2022\/07\/1_MEJnTlKHeyVQu2mkYhH-qA-1024x682.jpeg\" alt=\"\" class=\"wp-image-761\" width=\"651\" height=\"433\" srcset=\"https:\/\/freightol.com\/wp-content\/uploads\/2022\/07\/1_MEJnTlKHeyVQu2mkYhH-qA-1024x682.jpeg 1024w, https:\/\/freightol.com\/wp-content\/uploads\/2022\/07\/1_MEJnTlKHeyVQu2mkYhH-qA-300x200.jpeg 300w, https:\/\/freightol.com\/wp-content\/uploads\/2022\/07\/1_MEJnTlKHeyVQu2mkYhH-qA-768x512.jpeg 768w, https:\/\/freightol.com\/wp-content\/uploads\/2022\/07\/1_MEJnTlKHeyVQu2mkYhH-qA.jpeg 1400w\" sizes=\"(max-width: 651px) 100vw, 651px\" \/><figcaption><sub>Jaume Archidona, CEO de Freightol y, Ra\u00fal P\u00e9rez, Fundador y COO de la empresa.<br><\/sub><\/figcaption><\/figure>\n<\/div>\n\n\n<p>Para reforzar la importancia de la digitalizaci\u00f3n de la industria, invitamos a&nbsp;<a rel=\"noreferrer noopener\" href=\"https:\/\/www.linkedin.com\/in\/isidre-gavin-i-valls-90945332\/\" target=\"_blank\"><strong>Isidre Gavin<\/strong><\/a>, Secretari d\u2019Infraestructures i Mobilitat at Generalitat de Catalunya, y&nbsp;<a rel=\"noreferrer noopener\" href=\"https:\/\/www.linkedin.com\/in\/enric-tic%C3%B3-721a3482\/\" target=\"_blank\"><strong>Enric Tic\u00f3,<\/strong><\/a>&nbsp;Presidente y Consejero Delegado de CIMALSA, que nos dieron una visi\u00f3n general de c\u00f3mo est\u00e1 el sector actualmente y de lo importante que ser\u00e1 contar con herramientas digitales para mejorar los procesos de toda la cadena de suministro a largo plazo.<\/p>\n\n\n<div class=\"wp-block-image\">\n<figure class=\"aligncenter size-large is-resized\"><img decoding=\"async\" src=\"https:\/\/freightol.com\/wp-content\/uploads\/2022\/07\/1_5ZEfsv-2zUhMzAp2BWgpAw-1024x682.jpeg\" alt=\"\" class=\"wp-image-763\" width=\"631\" height=\"420\" srcset=\"https:\/\/freightol.com\/wp-content\/uploads\/2022\/07\/1_5ZEfsv-2zUhMzAp2BWgpAw-1024x682.jpeg 1024w, https:\/\/freightol.com\/wp-content\/uploads\/2022\/07\/1_5ZEfsv-2zUhMzAp2BWgpAw-300x200.jpeg 300w, https:\/\/freightol.com\/wp-content\/uploads\/2022\/07\/1_5ZEfsv-2zUhMzAp2BWgpAw-768x512.jpeg 768w, https:\/\/freightol.com\/wp-content\/uploads\/2022\/07\/1_5ZEfsv-2zUhMzAp2BWgpAw.jpeg 1400w\" sizes=\"(max-width: 631px) 100vw, 631px\" \/><figcaption><sub>Enric Tic\u00f3, Presidente y Consejero Delegado de CIMALSA.<br><\/sub><\/figcaption><\/figure>\n<\/div>\n\n<div class=\"wp-block-image\">\n<figure class=\"aligncenter size-large is-resized\"><img loading=\"lazy\" decoding=\"async\" src=\"https:\/\/freightol.com\/wp-content\/uploads\/2022\/07\/1_sxDLnRxZSCKGjucri96mrw-1024x682.jpeg\" alt=\"\" class=\"wp-image-764\" width=\"625\" height=\"416\" srcset=\"https:\/\/freightol.com\/wp-content\/uploads\/2022\/07\/1_sxDLnRxZSCKGjucri96mrw-1024x682.jpeg 1024w, https:\/\/freightol.com\/wp-content\/uploads\/2022\/07\/1_sxDLnRxZSCKGjucri96mrw-300x200.jpeg 300w, https:\/\/freightol.com\/wp-content\/uploads\/2022\/07\/1_sxDLnRxZSCKGjucri96mrw-768x512.jpeg 768w, https:\/\/freightol.com\/wp-content\/uploads\/2022\/07\/1_sxDLnRxZSCKGjucri96mrw.jpeg 1400w\" sizes=\"(max-width: 625px) 100vw, 625px\" \/><figcaption><sub>Isidre Gavin, Secretari d\u2019Infraestructures i Mobilitat at Generalitat de Catalunya.<br><\/sub><\/figcaption><\/figure>\n<\/div>\n\n\n<p>Al mismo tiempo, el evento ha servido de punto de encuentro para buena parte de los profesionales, lo que ha certificado la influencia y nexo de uni\u00f3n que puede generar la marca dentro del sector.<\/p>\n\n\n\n<p id=\"bcd6\"><strong>Sobre Freightol Manager<\/strong><\/p>\n\n\n\n<p id=\"b99c\"><a rel=\"noreferrer noopener\" href=\"https:\/\/freightol.com\/en\/#\/carrier\" target=\"_blank\"><strong>Freightol Manager<\/strong><\/a>&nbsp;es un Freight Management System (FMS) para transitarios. Sirve para ayudarles a llevar a cabo sus operaciones diarias mucho m\u00e1s eficientemente de principio a fin, centralizando el manejo y automatizando las funciones, tales como supervisi\u00f3n de la situaci\u00f3n f\u00edsica del env\u00edo, gesti\u00f3n de documentaci\u00f3n administrativa necesaria en cada caso, control de aduanas, facturaci\u00f3n, cotizaci\u00f3n en segundos, seguimiento en tiempo real de la mercanc\u00eda y posibilidad de crear cuentas para que sus clientes puedan cotizar ellos solos. Con todas estas operativas integradas&nbsp;<a rel=\"noreferrer noopener\" href=\"https:\/\/freightol.com\/en\/#\/carrier\" target=\"_blank\"><strong>Freightol Manager<\/strong><\/a><strong>&nbsp;permite ahorrar a los transitarios entre un 30% y un 80% el tiempo operativo.<\/strong><\/p>","protected":false},"excerpt":{"rendered":"<p>El jueves 16 de septiembre, en el Hotel W de Barcelona, celebramos el lanzamiento de nuestro sistema operativo digital para Transitarios,&nbsp;Freightol Manager. Jaume Archidona, CEO de Freightol y,&nbsp;Ra\u00fal Perez, Fundador y COO de la empresa, presentaron el producto para los profesionales del sector, con el fin que conocieran con detalle la propuesta y pudieran expresar [&hellip;]<\/p>","protected":false},"author":4,"featured_media":762,"comment_status":"open","ping_status":"open","sticky":false,"template":"","format":"standard","meta":{"content-type":"","footnotes":""},"categories":[39,24],"tags":[],"class_list":["post-759","post","type-post","status-publish","format-standard","has-post-thumbnail","hentry","category-lanzamientos","category-prensa"],"yoast_head":"<!-- This site is optimized with the Yoast SEO plugin v20.3 - https:\/\/yoast.com\/wordpress\/plugins\/seo\/ -->\n<title>Freightol lanza Freightol Manager para impulsar la digitalizaci\u00f3n del Transporte y la Log\u00edstica - FREIGHTOL<\/title>\n<meta name=\"robots\" content=\"index, follow, max-snippet:-1, max-image-preview:large, max-video-preview:-1\" \/>\n<link rel=\"canonical\" href=\"https:\/\/freightol.com\/en\/lanzamiento-freightol\/\" \/>\n<meta property=\"og:locale\" content=\"en_US\" \/>\n<meta property=\"og:type\" content=\"article\" \/>\n<meta property=\"og:title\" content=\"Freightol lanza Freightol Manager para impulsar la digitalizaci\u00f3n del Transporte y la Log\u00edstica - FREIGHTOL\" \/>\n<meta property=\"og:description\" content=\"El jueves 16 de septiembre, en el Hotel W de Barcelona, celebramos el lanzamiento de nuestro sistema operativo digital para Transitarios,&nbsp;Freightol Manager. Jaume Archidona, CEO de Freightol y,&nbsp;Ra\u00fal Perez, Fundador y COO de la empresa, presentaron el producto para los profesionales del sector, con el fin que conocieran con detalle la propuesta y pudieran expresar [&hellip;]\" \/>\n<meta property=\"og:url\" content=\"https:\/\/freightol.com\/en\/lanzamiento-freightol\/\" \/>\n<meta property=\"og:site_name\" content=\"FREIGHTOL\" \/>\n<meta property=\"article:published_time\" content=\"2022-07-18T11:55:11+00:00\" \/>\n<meta property=\"article:modified_time\" content=\"2022-07-18T13:27:47+00:00\" \/>\n<meta property=\"og:image\" content=\"https:\/\/freightol.com\/wp-content\/uploads\/2022\/07\/1_YZgRbfT5rza1oWGVNwG_6w.jpeg\" \/>\n\t<meta property=\"og:image:width\" content=\"1400\" \/>\n\t<meta property=\"og:image:height\" content=\"933\" \/>\n\t<meta property=\"og:image:type\" content=\"image\/jpeg\" \/>\n<meta name=\"author\" content=\"James Archidona\" \/>\n<meta name=\"twitter:card\" content=\"summary_large_image\" \/>\n<meta name=\"twitter:label1\" content=\"Written by\" \/>\n\t<meta name=\"twitter:data1\" content=\"James Archidona\" \/>\n\t<meta name=\"twitter:label2\" content=\"Est. reading time\" \/>\n\t<meta name=\"twitter:data2\" content=\"2 minutes\" \/>\n<script type=\"application\/ld+json\" class=\"yoast-schema-graph\">{\"@context\":\"https:\/\/schema.org\",\"@graph\":[{\"@type\":\"Article\",\"@id\":\"https:\/\/freightol.com\/lanzamiento-freightol\/#article\",\"isPartOf\":{\"@id\":\"https:\/\/freightol.com\/lanzamiento-freightol\/\"},\"author\":{\"name\":\"James Archidona\",\"@id\":\"https:\/\/freightol.com\/#\/schema\/person\/c935ebd3de6661b8f5797c288e85c6bc\"},\"headline\":\"Freightol lanza Freightol Manager para impulsar la digitalizaci\u00f3n del Transporte y la Log\u00edstica\",\"datePublished\":\"2022-07-18T11:55:11+00:00\",\"dateModified\":\"2022-07-18T13:27:47+00:00\",\"mainEntityOfPage\":{\"@id\":\"https:\/\/freightol.com\/lanzamiento-freightol\/\"},\"wordCount\":343,\"commentCount\":0,\"publisher\":{\"@id\":\"https:\/\/freightol.com\/#organization\"},\"articleSection\":[\"Lanzamientos\",\"Prensa\"],\"inLanguage\":\"en-US\",\"potentialAction\":[{\"@type\":\"CommentAction\",\"name\":\"Comment\",\"target\":[\"https:\/\/freightol.com\/lanzamiento-freightol\/#respond\"]}]},{\"@type\":\"WebPage\",\"@id\":\"https:\/\/freightol.com\/lanzamiento-freightol\/\",\"url\":\"https:\/\/freightol.com\/lanzamiento-freightol\/\",\"name\":\"Freightol lanza Freightol Manager para impulsar la digitalizaci\u00f3n del Transporte y la Log\u00edstica - FREIGHTOL\",\"isPartOf\":{\"@id\":\"https:\/\/freightol.com\/#website\"},\"datePublished\":\"2022-07-18T11:55:11+00:00\",\"dateModified\":\"2022-07-18T13:27:47+00:00\",\"breadcrumb\":{\"@id\":\"https:\/\/freightol.com\/lanzamiento-freightol\/#breadcrumb\"},\"inLanguage\":\"en-US\",\"potentialAction\":[{\"@type\":\"ReadAction\",\"target\":[\"https:\/\/freightol.com\/lanzamiento-freightol\/\"]}]},{\"@type\":\"BreadcrumbList\",\"@id\":\"https:\/\/freightol.com\/lanzamiento-freightol\/#breadcrumb\",\"itemListElement\":[{\"@type\":\"ListItem\",\"position\":1,\"name\":\"Portada\",\"item\":\"https:\/\/freightol.com\/\"},{\"@type\":\"ListItem\",\"position\":2,\"name\":\"Freightol lanza Freightol Manager para impulsar la digitalizaci\u00f3n del Transporte y la Log\u00edstica\"}]},{\"@type\":\"WebSite\",\"@id\":\"https:\/\/freightol.com\/#website\",\"url\":\"https:\/\/freightol.com\/\",\"name\":\"FREIGHTOL\",\"description\":\"FREIGHTOL\",\"publisher\":{\"@id\":\"https:\/\/freightol.com\/#organization\"},\"potentialAction\":[{\"@type\":\"SearchAction\",\"target\":{\"@type\":\"EntryPoint\",\"urlTemplate\":\"https:\/\/freightol.com\/?s={search_term_string}\"},\"query-input\":\"required name=search_term_string\"}],\"inLanguage\":\"en-US\"},{\"@type\":\"Organization\",\"@id\":\"https:\/\/freightol.com\/#organization\",\"name\":\"FREIGHTOL\",\"url\":\"https:\/\/freightol.com\/\",\"logo\":{\"@type\":\"ImageObject\",\"inLanguage\":\"en-US\",\"@id\":\"https:\/\/freightol.com\/#\/schema\/logo\/image\/\",\"url\":\"https:\/\/freightol.com\/wp-content\/uploads\/2022\/07\/Freightol-Logo-tagline2.png\",\"contentUrl\":\"https:\/\/freightol.com\/wp-content\/uploads\/2022\/07\/Freightol-Logo-tagline2.png\",\"width\":1890,\"height\":657,\"caption\":\"FREIGHTOL\"},\"image\":{\"@id\":\"https:\/\/freightol.com\/#\/schema\/logo\/image\/\"}},{\"@type\":\"Person\",\"@id\":\"https:\/\/freightol.com\/#\/schema\/person\/c935ebd3de6661b8f5797c288e85c6bc\",\"name\":\"James Archidona\",\"image\":{\"@type\":\"ImageObject\",\"inLanguage\":\"en-US\",\"@id\":\"https:\/\/freightol.com\/#\/schema\/person\/image\/\",\"url\":\"https:\/\/secure.gravatar.com\/avatar\/ba7305aabcf11ce70e0964914bc12ff317ff57bc78fe1e1a149ca2237330d34c?s=96&d=mm&r=g\",\"contentUrl\":\"https:\/\/secure.gravatar.com\/avatar\/ba7305aabcf11ce70e0964914bc12ff317ff57bc78fe1e1a149ca2237330d34c?s=96&d=mm&r=g\",\"caption\":\"James Archidona\"},\"url\":\"https:\/\/freightol.com\/en\/author\/james-archidona\/\"}]}<\/script>\n<!-- \/ Yoast SEO plugin. -->","yoast_head_json":{"title":"Freightol lanza Freightol Manager para impulsar la digitalizaci\u00f3n del Transporte y la Log\u00edstica - FREIGHTOL","robots":{"index":"index","follow":"follow","max-snippet":"max-snippet:-1","max-image-preview":"max-image-preview:large","max-video-preview":"max-video-preview:-1"},"canonical":"https:\/\/freightol.com\/en\/lanzamiento-freightol\/","og_locale":"en_US","og_type":"article","og_title":"Freightol lanza Freightol Manager para impulsar la digitalizaci\u00f3n del Transporte y la Log\u00edstica - FREIGHTOL","og_description":"El jueves 16 de septiembre, en el Hotel W de Barcelona, celebramos el lanzamiento de nuestro sistema operativo digital para Transitarios,&nbsp;Freightol Manager. Jaume Archidona, CEO de Freightol y,&nbsp;Ra\u00fal Perez, Fundador y COO de la empresa, presentaron el producto para los profesionales del sector, con el fin que conocieran con detalle la propuesta y pudieran expresar [&hellip;]","og_url":"https:\/\/freightol.com\/en\/lanzamiento-freightol\/","og_site_name":"FREIGHTOL","article_published_time":"2022-07-18T11:55:11+00:00","article_modified_time":"2022-07-18T13:27:47+00:00","og_image":[{"width":1400,"height":933,"url":"https:\/\/freightol.com\/wp-content\/uploads\/2022\/07\/1_YZgRbfT5rza1oWGVNwG_6w.jpeg","type":"image\/jpeg"}],"author":"James Archidona","twitter_card":"summary_large_image","twitter_misc":{"Written by":"James Archidona","Est. reading time":"2 minutes"},"schema":{"@context":"https:\/\/schema.org","@graph":[{"@type":"Article","@id":"https:\/\/freightol.com\/lanzamiento-freightol\/#article","isPartOf":{"@id":"https:\/\/freightol.com\/lanzamiento-freightol\/"},"author":{"name":"James Archidona","@id":"https:\/\/freightol.com\/#\/schema\/person\/c935ebd3de6661b8f5797c288e85c6bc"},"headline":"Freightol lanza Freightol Manager para impulsar la digitalizaci\u00f3n del Transporte y la Log\u00edstica","datePublished":"2022-07-18T11:55:11+00:00","dateModified":"2022-07-18T13:27:47+00:00","mainEntityOfPage":{"@id":"https:\/\/freightol.com\/lanzamiento-freightol\/"},"wordCount":343,"commentCount":0,"publisher":{"@id":"https:\/\/freightol.com\/#organization"},"articleSection":["Lanzamientos","Prensa"],"inLanguage":"en-US","potentialAction":[{"@type":"CommentAction","name":"Comment","target":["https:\/\/freightol.com\/lanzamiento-freightol\/#respond"]}]},{"@type":"WebPage","@id":"https:\/\/freightol.com\/lanzamiento-freightol\/","url":"https:\/\/freightol.com\/lanzamiento-freightol\/","name":"Freightol lanza Freightol Manager para impulsar la digitalizaci\u00f3n del Transporte y la Log\u00edstica - FREIGHTOL","isPartOf":{"@id":"https:\/\/freightol.com\/#website"},"datePublished":"2022-07-18T11:55:11+00:00","dateModified":"2022-07-18T13:27:47+00:00","breadcrumb":{"@id":"https:\/\/freightol.com\/lanzamiento-freightol\/#breadcrumb"},"inLanguage":"en-US","potentialAction":[{"@type":"ReadAction","target":["https:\/\/freightol.com\/lanzamiento-freightol\/"]}]},{"@type":"BreadcrumbList","@id":"https:\/\/freightol.com\/lanzamiento-freightol\/#breadcrumb","itemListElement":[{"@type":"ListItem","position":1,"name":"Portada","item":"https:\/\/freightol.com\/"},{"@type":"ListItem","position":2,"name":"Freightol lanza Freightol Manager para impulsar la digitalizaci\u00f3n del Transporte y la Log\u00edstica"}]},{"@type":"WebSite","@id":"https:\/\/freightol.com\/#website","url":"https:\/\/freightol.com\/","name":"FREIGHTOL","description":"FREIGHTOL","publisher":{"@id":"https:\/\/freightol.com\/#organization"},"potentialAction":[{"@type":"SearchAction","target":{"@type":"EntryPoint","urlTemplate":"https:\/\/freightol.com\/?s={search_term_string}"},"query-input":"required name=search_term_string"}],"inLanguage":"en-US"},{"@type":"Organization","@id":"https:\/\/freightol.com\/#organization","name":"FREIGHTOL","url":"https:\/\/freightol.com\/","logo":{"@type":"ImageObject","inLanguage":"en-US","@id":"https:\/\/freightol.com\/#\/schema\/logo\/image\/","url":"https:\/\/freightol.com\/wp-content\/uploads\/2022\/07\/Freightol-Logo-tagline2.png","contentUrl":"https:\/\/freightol.com\/wp-content\/uploads\/2022\/07\/Freightol-Logo-tagline2.png","width":1890,"height":657,"caption":"FREIGHTOL"},"image":{"@id":"https:\/\/freightol.com\/#\/schema\/logo\/image\/"}},{"@type":"Person","@id":"https:\/\/freightol.com\/#\/schema\/person\/c935ebd3de6661b8f5797c288e85c6bc","name":"James Archidona","image":{"@type":"ImageObject","inLanguage":"en-US","@id":"https:\/\/freightol.com\/#\/schema\/person\/image\/","url":"https:\/\/secure.gravatar.com\/avatar\/ba7305aabcf11ce70e0964914bc12ff317ff57bc78fe1e1a149ca2237330d34c?s=96&d=mm&r=g","contentUrl":"https:\/\/secure.gravatar.com\/avatar\/ba7305aabcf11ce70e0964914bc12ff317ff57bc78fe1e1a149ca2237330d34c?s=96&d=mm&r=g","caption":"James Archidona"},"url":"https:\/\/freightol.com\/en\/author\/james-archidona\/"}]}},"_links":{"self":[{"href":"https:\/\/freightol.com\/en\/wp-json\/wp\/v2\/posts\/759","targetHints":{"allow":["GET"]}}],"collection":[{"href":"https:\/\/freightol.com\/en\/wp-json\/wp\/v2\/posts"}],"about":[{"href":"https:\/\/freightol.com\/en\/wp-json\/wp\/v2\/types\/post"}],"author":[{"embeddable":true,"href":"https:\/\/freightol.com\/en\/wp-json\/wp\/v2\/users\/4"}],"replies":[{"embeddable":true,"href":"https:\/\/freightol.com\/en\/wp-json\/wp\/v2\/comments?post=759"}],"version-history":[{"count":2,"href":"https:\/\/freightol.com\/en\/wp-json\/wp\/v2\/posts\/759\/revisions"}],"predecessor-version":[{"id":816,"href":"https:\/\/freightol.com\/en\/wp-json\/wp\/v2\/posts\/759\/revisions\/816"}],"wp:featuredmedia":[{"embeddable":true,"href":"https:\/\/freightol.com\/en\/wp-json\/wp\/v2\/media\/762"}],"wp:attachment":[{"href":"https:\/\/freightol.com\/en\/wp-json\/wp\/v2\/media?parent=759"}],"wp:term":[{"taxonomy":"category","embeddable":true,"href":"https:\/\/freightol.com\/en\/wp-json\/wp\/v2\/categories?post=759"},{"taxonomy":"post_tag","embeddable":true,"href":"https:\/\/freightol.com\/en\/wp-json\/wp\/v2\/tags?post=759"}],"curies":[{"name":"wp","href":"https:\/\/api.w.org\/{rel}","templated":true}]}}